{"id":372627,"date":"2023-05-09T22:57:14","date_gmt":"2023-05-09T21:57:14","guid":{"rendered":"https:\/\/moodmedia.com\/uncategorized-cz\/eurovize-2023\/"},"modified":"2023-05-24T14:56:35","modified_gmt":"2023-05-24T13:56:35","slug":"eurovize-2023","status":"publish","type":"post","link":"https:\/\/moodmedia.com\/cz\/blog-cz\/eurovize-2023\/","title":{"rendered":"Eurovize 2023"},"content":{"rendered":"<p>[et_pb_section fb_built=&#8220;1&#8243; _builder_version=&#8220;4.19.4&#8243; _module_preset=&#8220;default&#8220; background_color=&#8220;#000000&#8243; background_image=&#8220;https:\/\/moodmedia.com\/wp-content\/uploads\/2023\/05\/eurovision-hero.webp&#8220; global_colors_info=&#8220;{}&#8220;][et_pb_row column_structure=&#8220;3_5,2_5&#8243; _builder_version=&#8220;4.19.4&#8243; _module_preset=&#8220;default&#8220; global_colors_info=&#8220;{}&#8220;][et_pb_column type=&#8220;3_5&#8243; _builder_version=&#8220;4.19.4&#8243; _module_preset=&#8220;default&#8220; global_colors_info=&#8220;{}&#8220;][et_pb_text _builder_version=&#8220;4.19.4&#8243; _module_preset=&#8220;default&#8220; background_layout=&#8220;dark&#8220; global_colors_info=&#8220;{}&#8220;]<\/p>\n<h1 class=\"bold new-hero-ext\">EUROVIZE 2023<\/h1>\n<p>[\/et_pb_text][\/et_pb_column][et_pb_column type=&#8220;2_5&#8243; _builder_version=&#8220;4.19.4&#8243; _module_preset=&#8220;default&#8220; global_colors_info=&#8220;{}&#8220;][\/et_pb_column][\/et_pb_row][\/et_pb_section][et_pb_section fb_built=&#8220;1&#8243; _builder_version=&#8220;4.19.4&#8243; _module_preset=&#8220;default&#8220; global_colors_info=&#8220;{}&#8220;][et_pb_row column_structure=&#8220;2_5,3_5&#8243; _builder_version=&#8220;4.19.4&#8243; _module_preset=&#8220;default&#8220; global_colors_info=&#8220;{}&#8220;][et_pb_column type=&#8220;2_5&#8243; _builder_version=&#8220;4.19.4&#8243; _module_preset=&#8220;default&#8220; global_colors_info=&#8220;{}&#8220;][et_pb_image src=&#8220;https:\/\/moodmedia.com\/wp-content\/uploads\/2023\/05\/Ida-1.jpg&#8220; title_text=&#8220;Ida-1&#8243; align=&#8220;center&#8220; force_fullwidth=&#8220;on&#8220; _builder_version=&#8220;4.19.4&#8243; _module_preset=&#8220;default&#8220; global_colors_info=&#8220;{}&#8220;][\/et_pb_image][\/et_pb_column][et_pb_column type=&#8220;3_5&#8243; _builder_version=&#8220;4.19.4&#8243; _module_preset=&#8220;default&#8220; global_colors_info=&#8220;{}&#8220;][et_pb_text _builder_version=&#8220;4.15.1&#8243; _module_preset=&#8220;default&#8220; global_colors_info=&#8220;{}&#8220;]<\/p>\n<p class=\"intro2\">To, co za\u010dalo jako technick\u00fd experiment v televizn\u00edm vys\u00edl\u00e1n\u00ed, jeden z prvn\u00edch pokus\u016f o p\u0159\u00edm\u00fd p\u0159enos ud\u00e1losti pro velk\u00e9 mezin\u00e1rodn\u00ed publikum, se od t\u00e9 doby stalo jedn\u00edm z nejobl\u00edben\u011bj\u0161\u00edch evropsk\u00fdch po\u0159ad\u016f, kter\u00fd ka\u017edoro\u010dn\u011b sleduj\u00ed miliony div\u00e1k\u016f sout\u011b\u017ee Eurovision Song Contest.<\/p>\n<p class=\"intro2\">P\u00eds\u0148ov\u00e1 sout\u011b\u017e Eurovize 2023 se letos bude konat ve Spojen\u00e9m kr\u00e1lovstv\u00ed. S bl\u00ed\u017e\u00edc\u00edm se koncem sout\u011b\u017ee n\u00e1s vedouc\u00ed hudebn\u00edho odd\u011blen\u00ed Ida Glomnes sezn\u00e1m\u00ed se sv\u00fdmi obl\u00edben\u00fdmi p\u0159\u00edsp\u011bvky.<\/p>\n<p>[\/et_pb_text][et_pb_code _builder_version=&#8220;4.19.4&#8243; _module_preset=&#8220;default&#8220; global_colors_info=&#8220;{}&#8220;]<iframe style=\"border-radius:12px\" src=\"https:\/\/open.spotify.com\/embed\/playlist\/1GRHz2lMM0nXePEQWOTvLm?utm_source=generator&amp;theme=0\" width=\"100%\" height=\"352\" frameborder=\"0\" allowfullscreen=\"\" allow=\"autoplay; clipboard-write; encrypted-media; fullscreen; picture-in-picture\" loading=\"lazy\"><\/iframe>[\/et_pb_code][\/et_pb_column][\/et_pb_row][\/et_pb_section][et_pb_section fb_built=&#8220;1&#8243; _builder_version=&#8220;4.19.4&#8243; _module_preset=&#8220;default&#8220; background_color=&#8220;#eeeeee&#8220; global_colors_info=&#8220;{}&#8220;][et_pb_row column_structure=&#8220;2_5,3_5&#8243; _builder_version=&#8220;4.19.4&#8243; _module_preset=&#8220;default&#8220; global_colors_info=&#8220;{}&#8220;][et_pb_column type=&#8220;2_5&#8243; _builder_version=&#8220;4.19.4&#8243; _module_preset=&#8220;default&#8220; global_colors_info=&#8220;{}&#8220;][et_pb_text _builder_version=&#8220;4.19.4&#8243; _module_preset=&#8220;default&#8220; text_font_size=&#8220;16px&#8220; global_colors_info=&#8220;{}&#8220;]<\/p>\n<h2><b>Norsko<\/b><\/h2>\n<h3 class=\"moodblue bold\">Alessandra &#8211; &#8222;Kr\u00e1lovna kr\u00e1l\u016f&#8220;<\/h3>\n<p>Norskou \u00fa\u010dastnic\u00ed leto\u0161n\u00edho ro\u010dn\u00edku Eurovize nen\u00ed nikdo jin\u00fd ne\u017e charismatick\u00e1 Alessandra, kter\u00e1 vystoup\u00ed se svou podmanivou skladbou &#8222;Queen of Kings&#8220;. Alessandra, kter\u00e1 vyrostla v It\u00e1lii a v roce 2021 se p\u0159est\u011bhovala do Norska, je talentovan\u00e1 zp\u011bva\u010dka norsko-italsk\u00e9ho p\u016fvodu. Jej\u00ed p\u016fsobiv\u00e9 vystoupen\u00ed v celost\u00e1tn\u00ed televizi j\u00ed vyneslo drtiv\u00e9 v\u00edt\u011bzstv\u00ed, kter\u00e9 j\u00ed umo\u017enilo reprezentovat Norsko v Liverpoolu.<\/p>\n<p>Podle Alessandry nese &#8222;Queen of Kings&#8220; siln\u00e9 poselstv\u00ed sebel\u00e1sky a douf\u00e1, \u017ee inspiruje poslucha\u010de v\u0161ech v\u011bkov\u00fdch kategori\u00ed a pohlav\u00ed k tomu, aby v sob\u011b zt\u011blesnili kr\u00e1lovnu kr\u00e1l\u016f. Norsko vyhr\u00e1lo Eurovizi ji\u017e t\u0159ikr\u00e1t, p\u0159i\u010dem\u017e dosud nejv\u00fdznamn\u011bj\u0161\u00edm a nejsledovan\u011bj\u0161\u00edm v\u00edt\u011bzstv\u00edm byla p\u00edse\u0148 Alexandra Rybaka &#8222;Fairytale&#8220;.[\/et_pb_text][\/et_pb_column][et_pb_column type=&#8220;3_5&#8243; _builder_version=&#8220;4.19.4&#8243; _module_preset=&#8220;default&#8220; global_colors_info=&#8220;{}&#8220;][et_pb_video src=&#8220;https:\/\/youtu.be\/CxNiUxdJnTQ&#8220; _builder_version=&#8220;4.19.4&#8243; _module_preset=&#8220;default&#8220; global_colors_info=&#8220;{}&#8220;][\/et_pb_video][\/et_pb_column][\/et_pb_row][et_pb_row _builder_version=&#8220;4.19.4&#8243; _module_preset=&#8220;default&#8220; global_colors_info=&#8220;{}&#8220;][et_pb_column type=&#8220;4_4&#8243; _builder_version=&#8220;4.19.4&#8243; _module_preset=&#8220;default&#8220; global_colors_info=&#8220;{}&#8220;][et_pb_divider show_divider=&#8220;off&#8220; _builder_version=&#8220;4.19.4&#8243; _module_preset=&#8220;default&#8220; global_colors_info=&#8220;{}&#8220;][\/et_pb_divider][\/et_pb_column][\/et_pb_row][et_pb_row column_structure=&#8220;2_5,3_5&#8243; _builder_version=&#8220;4.19.4&#8243; _module_preset=&#8220;default&#8220; global_colors_info=&#8220;{}&#8220;][et_pb_column type=&#8220;2_5&#8243; _builder_version=&#8220;4.19.4&#8243; _module_preset=&#8220;default&#8220; global_colors_info=&#8220;{}&#8220;][et_pb_text _builder_version=&#8220;4.19.4&#8243; _module_preset=&#8220;default&#8220; text_font_size=&#8220;16px&#8220; global_colors_info=&#8220;{}&#8220;]<\/p>\n<h2><b>Francie<\/b><\/h2>\n<h3 class=\"moodblue bold\">La Zarra &#8211; &#8222;\u00c9videmment&#8220;<\/h3>\n<p>Francie je v sout\u011b\u017ei Eurovize v\u00fdraznou silou, kter\u00e1 m\u00e1 na sv\u00e9m kont\u011b p\u011bt v\u00edt\u011bzstv\u00ed. Od jejich posledn\u00edho v\u00edt\u011bzstv\u00ed v\u0161ak ub\u011bhla ji\u017e pom\u011brn\u011b dlouh\u00e1 doba, posledn\u00ed v\u00edt\u011bzstv\u00ed se datuje do 70. let minul\u00e9ho stolet\u00ed. P\u0159esto byla Francie v roce 2021 s okouzluj\u00edc\u00ed p\u00edsn\u00ed Barbary Pravi &#8222;Voila&#8220; velmi bl\u00edzko zisku titulu, ale na posledn\u00ed chv\u00edli ji t\u011bsn\u011b p\u0159edstihla It\u00e1lie.<\/p>\n<p>Letos se v\u0161echny o\u010di up\u00edraj\u00ed na La Zarru, talentovanou kanadsko-marockou um\u011blkyni, kter\u00e1 bude reprezentovat Francii se svou strhuj\u00edc\u00ed p\u00edsn\u00ed &#8222;\u00c9videmment&#8220;. La Zarra, kter\u00e1 ji\u017e z\u00edskala n\u011bkolik ocen\u011bn\u00ed &#8222;Pr\u016flom roku&#8220;, vyvol\u00e1v\u00e1 na internetu zna\u010dn\u00fd rozruch a je ozna\u010dov\u00e1na za siln\u00e9ho kandid\u00e1ta na v\u00edt\u011bzstv\u00ed. Bude zaj\u00edmav\u00e9 sledovat jej\u00ed v\u00fdkon a zjistit, zda se j\u00ed poda\u0159\u00ed z\u00edskat pro Francii tolik vytou\u017eenou trofej.[\/et_pb_text][\/et_pb_column][et_pb_column type=&#8220;3_5&#8243; _builder_version=&#8220;4.19.4&#8243; _module_preset=&#8220;default&#8220; global_colors_info=&#8220;{}&#8220;][et_pb_video src=&#8220;https:\/\/youtu.be\/GWfbEFH9NvQ&#8220; _builder_version=&#8220;4.19.4&#8243; _module_preset=&#8220;default&#8220; global_colors_info=&#8220;{}&#8220;][\/et_pb_video][\/et_pb_column][\/et_pb_row][et_pb_row _builder_version=&#8220;4.19.4&#8243; _module_preset=&#8220;default&#8220; global_colors_info=&#8220;{}&#8220;][et_pb_column type=&#8220;4_4&#8243; _builder_version=&#8220;4.19.4&#8243; _module_preset=&#8220;default&#8220; global_colors_info=&#8220;{}&#8220;][et_pb_divider show_divider=&#8220;off&#8220; _builder_version=&#8220;4.19.4&#8243; _module_preset=&#8220;default&#8220; global_colors_info=&#8220;{}&#8220;][\/et_pb_divider][\/et_pb_column][\/et_pb_row][et_pb_row column_structure=&#8220;2_5,3_5&#8243; _builder_version=&#8220;4.19.4&#8243; _module_preset=&#8220;default&#8220; global_colors_info=&#8220;{}&#8220;][et_pb_column type=&#8220;2_5&#8243; _builder_version=&#8220;4.19.4&#8243; _module_preset=&#8220;default&#8220; global_colors_info=&#8220;{}&#8220;][et_pb_text _builder_version=&#8220;4.19.4&#8243; _module_preset=&#8220;default&#8220; text_font_size=&#8220;16px&#8220; global_colors_info=&#8220;{}&#8220;]<\/p>\n<h2><b>\u0160v\u00e9dsko<\/b><\/h2>\n<h3 class=\"moodblue bold\">Loreen &#8211; &#8222;Tetov\u00e1n\u00ed&#8220;<\/h3>\n<p>\u0160v\u00e9dsko a Eurovizi poj\u00ed dlouhodob\u00e1 l\u00e1ska, nebo\u0165 tato zem\u011b m\u00e1 na sv\u00e9m kont\u011b \u0161est v\u00edt\u011bzstv\u00ed a stabiln\u011b dobr\u00e9 v\u00fdkony. Mezi jeho v\u00edt\u011bzstv\u00ed pat\u0159\u00ed bezpochyby ikonick\u00fd triumf skupiny ABBA s p\u00edsn\u00ed &#8222;Waterloo&#8220; v roce 1974.<\/p>\n<p>Letos se \u0160v\u00e9dsko rozhodlo vyslat Loreen, aby op\u011bt reprezentovala zemi se svou nejnov\u011bj\u0161\u00ed skladbou &#8222;Tattoo&#8220;. V\u00edt\u011bzstv\u00ed v Eurovizi si zajistila ji\u017e v roce 2012 se sv\u00fdm hitem &#8222;Euphoria&#8220;, a tak bude zaj\u00edmav\u00e9 sledovat, zda se j\u00ed poda\u0159\u00ed tento \u00fasp\u011bch zopakovat a znovu zv\u00edt\u011bzit.[\/et_pb_text][\/et_pb_column][et_pb_column type=&#8220;3_5&#8243; _builder_version=&#8220;4.19.4&#8243; _module_preset=&#8220;default&#8220; global_colors_info=&#8220;{}&#8220;][et_pb_video src=&#8220;https:\/\/youtu.be\/b3vJfR81xO0&#8243; _builder_version=&#8220;4.19.4&#8243; _module_preset=&#8220;default&#8220; global_colors_info=&#8220;{}&#8220;][\/et_pb_video][\/et_pb_column][\/et_pb_row][et_pb_row _builder_version=&#8220;4.19.4&#8243; _module_preset=&#8220;default&#8220; global_colors_info=&#8220;{}&#8220;][et_pb_column type=&#8220;4_4&#8243; _builder_version=&#8220;4.19.4&#8243; _module_preset=&#8220;default&#8220; global_colors_info=&#8220;{}&#8220;][et_pb_divider show_divider=&#8220;off&#8220; _builder_version=&#8220;4.19.4&#8243; _module_preset=&#8220;default&#8220; global_colors_info=&#8220;{}&#8220;][\/et_pb_divider][\/et_pb_column][\/et_pb_row][et_pb_row column_structure=&#8220;2_5,3_5&#8243; _builder_version=&#8220;4.19.4&#8243; _module_preset=&#8220;default&#8220; global_colors_info=&#8220;{}&#8220;][et_pb_column type=&#8220;2_5&#8243; _builder_version=&#8220;4.19.4&#8243; _module_preset=&#8220;default&#8220; global_colors_info=&#8220;{}&#8220;][et_pb_text _builder_version=&#8220;4.19.4&#8243; _module_preset=&#8220;default&#8220; text_font_size=&#8220;16px&#8220; global_colors_info=&#8220;{}&#8220;]<\/p>\n<h2><b>UK<\/b><\/h2>\n<h3 class=\"moodblue bold\">Mae Muller &#8211; &#8222;Napsala jsem p\u00edse\u0148&#8220;<\/h3>\n<p>Spojen\u00e9 kr\u00e1lovstv\u00ed se m\u016f\u017ee pochlubit bohatou histori\u00ed v\u00fdznamn\u00fdch v\u00edt\u011bzstv\u00ed v Eurovizi v obdob\u00ed p\u0159ed rokem 2000. Nezapomenuteln\u00e9 p\u00edsn\u011b jako &#8222;Save Your Kisses for Me&#8220; od Brotherhood of Man a &#8222;Making Your Mind Up&#8220; od Bucks Fizz jsou pova\u017eov\u00e1ny za nad\u010dasov\u00e9 klasiky, kter\u00e9 se hojn\u011b streamuj\u00ed i dnes.<\/p>\n<p>V n\u00e1sleduj\u00edc\u00edch letech 2000 se v\u0161ak Spojen\u00e9 kr\u00e1lovstv\u00ed sna\u017eilo v Eurovizi usp\u011bt. Pozoruhodn\u00fd n\u00e1vrat zaznamenala Velk\u00e1 Brit\u00e1nie a\u017e v lo\u0148sk\u00e9m roce, kdy Sam Ryder uchv\u00e1til publikum fascinuj\u00edc\u00edm hitem &#8222;Space Man&#8220;, kter\u00fd j\u00ed zajistil druh\u00e9 m\u00edsto.<\/p>\n<p>Letos se Velk\u00e1 Brit\u00e1nie rozhodla ud\u011blat siln\u00fd dojem a vybrala Mae Mullerovou, aby reprezentovala zemi se svou p\u0159esv\u011bd\u010divou p\u00edsn\u00ed &#8222;I Wrote a Song&#8220;. Mae Muller je ji\u017e zavedenou um\u011blkyn\u00ed s velk\u00fdm po\u010dtem p\u0159\u00edznivc\u016f na soci\u00e1ln\u00edch s\u00edt\u00edch. Na turn\u00e9 podporovala skupinu Little Mix a spolupracovala s p\u016fsobiv\u00fdmi hudebn\u00edky, tak\u017ee do sout\u011b\u017ee p\u0159in\u00e1\u0161\u00ed bohat\u00e9 zku\u0161enosti a talent. Vzhledem k dosavadn\u00edm v\u00fdsledk\u016fm Mae Muller a jej\u00ed oddan\u00e9 fanou\u0161kovsk\u00e9 z\u00e1kladn\u011b panuje zna\u010dn\u00fd optimismus a o\u010dek\u00e1v\u00e1n\u00ed jej\u00edho \u00fasp\u011bchu v leto\u0161n\u00ed Eurovizi![\/et_pb_text][\/et_pb_column][et_pb_column type=&#8220;3_5&#8243; _builder_version=&#8220;4.19.4&#8243; _module_preset=&#8220;default&#8220; global_colors_info=&#8220;{}&#8220;][et_pb_video src=&#8220;https:\/\/youtu.be\/tJ21grjN6wU&#8220; _builder_version=&#8220;4.19.4&#8243; _module_preset=&#8220;default&#8220; global_colors_info=&#8220;{}&#8220;][\/et_pb_video][\/et_pb_column][\/et_pb_row][\/et_pb_section]<\/p>\n","protected":false},"excerpt":{"rendered":"<p>To, co za\u010dalo jako technick\u00fd experiment v televizn\u00edm vys\u00edl\u00e1n\u00ed, jeden z prvn\u00edch pokus\u016f o p\u0159\u00edm\u00fd p\u0159enos ud\u00e1losti pro velk\u00e9 mezin\u00e1rodn\u00ed publikum, se od t\u00e9 doby stalo jedn\u00edm z nejobl\u00edben\u011bj\u0161\u00edch evropsk\u00fdch po\u0159ad\u016f, kter\u00fd ka\u017edoro\u010dn\u011b sleduj\u00ed miliony div\u00e1k\u016f sout\u011b\u017ee Eurovision Song Contest.<\/p>\n","protected":false},"author":2,"featured_media":372496,"comment_status":"closed","ping_status":"closed","sticky":false,"template":"","format":"standard","meta":{"_et_pb_use_builder":"on","_et_pb_old_content":"","_et_gb_content_width":"","footnotes":""},"categories":[5325,5367],"tags":[],"class_list":["post-372627","post","type-post","status-publish","format-standard","has-post-thumbnail","hentry","category-blog-cz","category-ve-smesi"],"yoast_head":"<!-- This site is optimized with the Yoast SEO Premium plugin v26.8 (Yoast SEO v27.4) - https:\/\/yoast.com\/product\/yoast-seo-premium-wordpress\/ -->\n<title>Eurovize 2023 | Mood Media \u010cesk\u00e1 Republika<\/title>\n<meta name=\"description\" content=\"To, co za\u010dalo jako technick\u00fd experiment v televizn\u00edm vys\u00edl\u00e1n\u00ed, jeden z prvn\u00edch pokus\u016f o p\u0159\u00edm\u00fd p\u0159enos ud\u00e1losti pro velk\u00e9 mezin\u00e1rodn\u00ed publikum, se od t\u00e9 doby stalo jedn\u00edm z nejobl\u00edben\u011bj\u0161\u00edch evropsk\u00fdch po\u0159ad\u016f, kter\u00fd ka\u017edoro\u010dn\u011b sleduj\u00ed miliony div\u00e1k\u016f sout\u011b\u017ee Eurovision Song Contest.\" \/>\n<meta name=\"robots\" content=\"index, follow, max-snippet:-1, max-image-preview:large, max-video-preview:-1\" \/>\n<meta property=\"og:locale\" content=\"cs_CZ\" \/>\n<meta property=\"og:type\" content=\"article\" \/>\n<meta property=\"og:title\" content=\"Eurovize 2023\" \/>\n<meta property=\"og:description\" content=\"To, co za\u010dalo jako technick\u00fd experiment v televizn\u00edm vys\u00edl\u00e1n\u00ed, jeden z prvn\u00edch pokus\u016f o p\u0159\u00edm\u00fd p\u0159enos ud\u00e1losti pro velk\u00e9 mezin\u00e1rodn\u00ed publikum, se od t\u00e9 doby stalo jedn\u00edm z nejobl\u00edben\u011bj\u0161\u00edch evropsk\u00fdch po\u0159ad\u016f, kter\u00fd ka\u017edoro\u010dn\u011b sleduj\u00ed miliony div\u00e1k\u016f sout\u011b\u017ee Eurovision Song Contest.\" \/>\n<meta property=\"og:url\" content=\"https:\/\/moodmedia.com\/cz\/blog-cz\/eurovize-2023\/\" \/>\n<meta property=\"og:site_name\" content=\"Mood Media \u010cesk\u00e1 Republika\" \/>\n<meta property=\"article:publisher\" content=\"https:\/\/www.facebook.com\/moodmediauk\/\" \/>\n<meta property=\"article:published_time\" content=\"2023-05-09T21:57:14+00:00\" \/>\n<meta property=\"article:modified_time\" content=\"2023-05-24T13:56:35+00:00\" \/>\n<meta property=\"og:image\" content=\"https:\/\/moodmedia.com\/wp-content\/uploads\/2023\/05\/eurovision-feature.jpg\" \/>\n\t<meta property=\"og:image:width\" content=\"1000\" \/>\n\t<meta property=\"og:image:height\" content=\"667\" \/>\n\t<meta property=\"og:image:type\" content=\"image\/jpeg\" \/>\n<meta name=\"author\" content=\"Brad Bond\" \/>\n<meta name=\"twitter:card\" content=\"summary_large_image\" \/>\n<meta name=\"twitter:creator\" content=\"@MoodMedia_UK\" \/>\n<meta name=\"twitter:site\" content=\"@MoodMedia_UK\" \/>\n<meta name=\"twitter:label1\" content=\"Napsal(a)\" \/>\n\t<meta name=\"twitter:data1\" content=\"Brad Bond\" \/>\n\t<meta name=\"twitter:label2\" content=\"Odhadovan\u00e1 doba \u010dten\u00ed\" \/>\n\t<meta name=\"twitter:data2\" content=\"7 minut\" \/>\n<script type=\"application\/ld+json\" class=\"yoast-schema-graph\">{\"@context\":\"https:\\\/\\\/schema.org\",\"@graph\":[{\"@type\":\"Article\",\"@id\":\"https:\\\/\\\/moodmedia.com\\\/cz\\\/blog-cz\\\/eurovize-2023\\\/#article\",\"isPartOf\":{\"@id\":\"https:\\\/\\\/moodmedia.com\\\/cz\\\/blog-cz\\\/eurovize-2023\\\/\"},\"author\":{\"name\":\"Brad Bond\",\"@id\":\"https:\\\/\\\/moodmedia.com\\\/cz\\\/#\\\/schema\\\/person\\\/2c1d5d948a4c2afc406923edc1c7827d\"},\"headline\":\"Eurovize 2023\",\"datePublished\":\"2023-05-09T21:57:14+00:00\",\"dateModified\":\"2023-05-24T13:56:35+00:00\",\"mainEntityOfPage\":{\"@id\":\"https:\\\/\\\/moodmedia.com\\\/cz\\\/blog-cz\\\/eurovize-2023\\\/\"},\"wordCount\":1436,\"publisher\":{\"@id\":\"https:\\\/\\\/moodmedia.com\\\/cz\\\/#organization\"},\"image\":{\"@id\":\"https:\\\/\\\/moodmedia.com\\\/cz\\\/blog-cz\\\/eurovize-2023\\\/#primaryimage\"},\"thumbnailUrl\":\"https:\\\/\\\/moodmedia.com\\\/wp-content\\\/uploads\\\/2023\\\/05\\\/eurovision-feature.jpg\",\"articleSection\":[\"Blog\",\"Ve sm\u011bsi\"],\"inLanguage\":\"cs\"},{\"@type\":\"WebPage\",\"@id\":\"https:\\\/\\\/moodmedia.com\\\/cz\\\/blog-cz\\\/eurovize-2023\\\/\",\"url\":\"https:\\\/\\\/moodmedia.com\\\/cz\\\/blog-cz\\\/eurovize-2023\\\/\",\"name\":\"Eurovize 2023 | Mood Media \u010cesk\u00e1 Republika\",\"isPartOf\":{\"@id\":\"https:\\\/\\\/moodmedia.com\\\/cz\\\/#website\"},\"primaryImageOfPage\":{\"@id\":\"https:\\\/\\\/moodmedia.com\\\/cz\\\/blog-cz\\\/eurovize-2023\\\/#primaryimage\"},\"image\":{\"@id\":\"https:\\\/\\\/moodmedia.com\\\/cz\\\/blog-cz\\\/eurovize-2023\\\/#primaryimage\"},\"thumbnailUrl\":\"https:\\\/\\\/moodmedia.com\\\/wp-content\\\/uploads\\\/2023\\\/05\\\/eurovision-feature.jpg\",\"datePublished\":\"2023-05-09T21:57:14+00:00\",\"dateModified\":\"2023-05-24T13:56:35+00:00\",\"description\":\"To, co za\u010dalo jako technick\u00fd experiment v televizn\u00edm vys\u00edl\u00e1n\u00ed, jeden z prvn\u00edch pokus\u016f o p\u0159\u00edm\u00fd p\u0159enos ud\u00e1losti pro velk\u00e9 mezin\u00e1rodn\u00ed publikum, se od t\u00e9 doby stalo jedn\u00edm z nejobl\u00edben\u011bj\u0161\u00edch evropsk\u00fdch po\u0159ad\u016f, kter\u00fd ka\u017edoro\u010dn\u011b sleduj\u00ed miliony div\u00e1k\u016f sout\u011b\u017ee Eurovision Song Contest.\",\"breadcrumb\":{\"@id\":\"https:\\\/\\\/moodmedia.com\\\/cz\\\/blog-cz\\\/eurovize-2023\\\/#breadcrumb\"},\"inLanguage\":\"cs\",\"potentialAction\":[{\"@type\":\"ReadAction\",\"target\":[\"https:\\\/\\\/moodmedia.com\\\/cz\\\/blog-cz\\\/eurovize-2023\\\/\"]}]},{\"@type\":\"ImageObject\",\"inLanguage\":\"cs\",\"@id\":\"https:\\\/\\\/moodmedia.com\\\/cz\\\/blog-cz\\\/eurovize-2023\\\/#primaryimage\",\"url\":\"https:\\\/\\\/moodmedia.com\\\/wp-content\\\/uploads\\\/2023\\\/05\\\/eurovision-feature.jpg\",\"contentUrl\":\"https:\\\/\\\/moodmedia.com\\\/wp-content\\\/uploads\\\/2023\\\/05\\\/eurovision-feature.jpg\",\"width\":1000,\"height\":667,\"caption\":\"Silhouette of singer\"},{\"@type\":\"BreadcrumbList\",\"@id\":\"https:\\\/\\\/moodmedia.com\\\/cz\\\/blog-cz\\\/eurovize-2023\\\/#breadcrumb\",\"itemListElement\":[{\"@type\":\"ListItem\",\"position\":1,\"name\":\"Home\",\"item\":\"https:\\\/\\\/moodmedia.com\\\/cz\\\/\"},{\"@type\":\"ListItem\",\"position\":2,\"name\":\"Eurovize 2023\"}]},{\"@type\":\"WebSite\",\"@id\":\"https:\\\/\\\/moodmedia.com\\\/cz\\\/#website\",\"url\":\"https:\\\/\\\/moodmedia.com\\\/cz\\\/\",\"name\":\"Mood Media International\",\"description\":\"Experience. By Design\",\"publisher\":{\"@id\":\"https:\\\/\\\/moodmedia.com\\\/cz\\\/#organization\"},\"potentialAction\":[{\"@type\":\"SearchAction\",\"target\":{\"@type\":\"EntryPoint\",\"urlTemplate\":\"https:\\\/\\\/moodmedia.com\\\/cz\\\/?s={search_term_string}\"},\"query-input\":{\"@type\":\"PropertyValueSpecification\",\"valueRequired\":true,\"valueName\":\"search_term_string\"}}],\"inLanguage\":\"cs\"},{\"@type\":\"Organization\",\"@id\":\"https:\\\/\\\/moodmedia.com\\\/cz\\\/#organization\",\"name\":\"Mood Media\",\"url\":\"https:\\\/\\\/moodmedia.com\\\/cz\\\/\",\"logo\":{\"@type\":\"ImageObject\",\"inLanguage\":\"cs\",\"@id\":\"https:\\\/\\\/moodmedia.com\\\/cz\\\/#\\\/schema\\\/logo\\\/image\\\/\",\"url\":\"https:\\\/\\\/moodmedia.com\\\/wp-content\\\/uploads\\\/2017\\\/10\\\/mood-media-logo-400.jpg\",\"contentUrl\":\"https:\\\/\\\/moodmedia.com\\\/wp-content\\\/uploads\\\/2017\\\/10\\\/mood-media-logo-400.jpg\",\"width\":400,\"height\":115,\"caption\":\"Mood Media\"},\"image\":{\"@id\":\"https:\\\/\\\/moodmedia.com\\\/cz\\\/#\\\/schema\\\/logo\\\/image\\\/\"},\"sameAs\":[\"https:\\\/\\\/www.facebook.com\\\/moodmediauk\\\/\",\"https:\\\/\\\/x.com\\\/MoodMedia_UK\",\"https:\\\/\\\/www.linkedin.com\\\/company\\\/mood-media-uk\\\/\"]},{\"@type\":\"Person\",\"@id\":\"https:\\\/\\\/moodmedia.com\\\/cz\\\/#\\\/schema\\\/person\\\/2c1d5d948a4c2afc406923edc1c7827d\",\"name\":\"Brad Bond\",\"image\":{\"@type\":\"ImageObject\",\"inLanguage\":\"cs\",\"@id\":\"https:\\\/\\\/secure.gravatar.com\\\/avatar\\\/6674de3daef3ee4922ab97ff2a1a95c1d092443e6429ddaefc6f7733cf14e99c?s=96&d=mm&r=g\",\"url\":\"https:\\\/\\\/secure.gravatar.com\\\/avatar\\\/6674de3daef3ee4922ab97ff2a1a95c1d092443e6429ddaefc6f7733cf14e99c?s=96&d=mm&r=g\",\"contentUrl\":\"https:\\\/\\\/secure.gravatar.com\\\/avatar\\\/6674de3daef3ee4922ab97ff2a1a95c1d092443e6429ddaefc6f7733cf14e99c?s=96&d=mm&r=g\",\"caption\":\"Brad Bond\"},\"sameAs\":[\"https:\\\/\\\/moodmedia.com\"]}]}<\/script>\n<!-- \/ Yoast SEO Premium plugin. -->","yoast_head_json":{"title":"Eurovize 2023 | Mood Media \u010cesk\u00e1 Republika","description":"To, co za\u010dalo jako technick\u00fd experiment v televizn\u00edm vys\u00edl\u00e1n\u00ed, jeden z prvn\u00edch pokus\u016f o p\u0159\u00edm\u00fd p\u0159enos ud\u00e1losti pro velk\u00e9 mezin\u00e1rodn\u00ed publikum, se od t\u00e9 doby stalo jedn\u00edm z nejobl\u00edben\u011bj\u0161\u00edch evropsk\u00fdch po\u0159ad\u016f, kter\u00fd ka\u017edoro\u010dn\u011b sleduj\u00ed miliony div\u00e1k\u016f sout\u011b\u017ee Eurovision Song Contest.","robots":{"index":"index","follow":"follow","max-snippet":"max-snippet:-1","max-image-preview":"max-image-preview:large","max-video-preview":"max-video-preview:-1"},"og_locale":"cs_CZ","og_type":"article","og_title":"Eurovize 2023","og_description":"To, co za\u010dalo jako technick\u00fd experiment v televizn\u00edm vys\u00edl\u00e1n\u00ed, jeden z prvn\u00edch pokus\u016f o p\u0159\u00edm\u00fd p\u0159enos ud\u00e1losti pro velk\u00e9 mezin\u00e1rodn\u00ed publikum, se od t\u00e9 doby stalo jedn\u00edm z nejobl\u00edben\u011bj\u0161\u00edch evropsk\u00fdch po\u0159ad\u016f, kter\u00fd ka\u017edoro\u010dn\u011b sleduj\u00ed miliony div\u00e1k\u016f sout\u011b\u017ee Eurovision Song Contest.","og_url":"https:\/\/moodmedia.com\/cz\/blog-cz\/eurovize-2023\/","og_site_name":"Mood Media \u010cesk\u00e1 Republika","article_publisher":"https:\/\/www.facebook.com\/moodmediauk\/","article_published_time":"2023-05-09T21:57:14+00:00","article_modified_time":"2023-05-24T13:56:35+00:00","og_image":[{"width":1000,"height":667,"url":"https:\/\/moodmedia.com\/wp-content\/uploads\/2023\/05\/eurovision-feature.jpg","type":"image\/jpeg"}],"author":"Brad Bond","twitter_card":"summary_large_image","twitter_creator":"@MoodMedia_UK","twitter_site":"@MoodMedia_UK","twitter_misc":{"Napsal(a)":"Brad Bond","Odhadovan\u00e1 doba \u010dten\u00ed":"7 minut"},"schema":{"@context":"https:\/\/schema.org","@graph":[{"@type":"Article","@id":"https:\/\/moodmedia.com\/cz\/blog-cz\/eurovize-2023\/#article","isPartOf":{"@id":"https:\/\/moodmedia.com\/cz\/blog-cz\/eurovize-2023\/"},"author":{"name":"Brad Bond","@id":"https:\/\/moodmedia.com\/cz\/#\/schema\/person\/2c1d5d948a4c2afc406923edc1c7827d"},"headline":"Eurovize 2023","datePublished":"2023-05-09T21:57:14+00:00","dateModified":"2023-05-24T13:56:35+00:00","mainEntityOfPage":{"@id":"https:\/\/moodmedia.com\/cz\/blog-cz\/eurovize-2023\/"},"wordCount":1436,"publisher":{"@id":"https:\/\/moodmedia.com\/cz\/#organization"},"image":{"@id":"https:\/\/moodmedia.com\/cz\/blog-cz\/eurovize-2023\/#primaryimage"},"thumbnailUrl":"https:\/\/moodmedia.com\/wp-content\/uploads\/2023\/05\/eurovision-feature.jpg","articleSection":["Blog","Ve sm\u011bsi"],"inLanguage":"cs"},{"@type":"WebPage","@id":"https:\/\/moodmedia.com\/cz\/blog-cz\/eurovize-2023\/","url":"https:\/\/moodmedia.com\/cz\/blog-cz\/eurovize-2023\/","name":"Eurovize 2023 | Mood Media \u010cesk\u00e1 Republika","isPartOf":{"@id":"https:\/\/moodmedia.com\/cz\/#website"},"primaryImageOfPage":{"@id":"https:\/\/moodmedia.com\/cz\/blog-cz\/eurovize-2023\/#primaryimage"},"image":{"@id":"https:\/\/moodmedia.com\/cz\/blog-cz\/eurovize-2023\/#primaryimage"},"thumbnailUrl":"https:\/\/moodmedia.com\/wp-content\/uploads\/2023\/05\/eurovision-feature.jpg","datePublished":"2023-05-09T21:57:14+00:00","dateModified":"2023-05-24T13:56:35+00:00","description":"To, co za\u010dalo jako technick\u00fd experiment v televizn\u00edm vys\u00edl\u00e1n\u00ed, jeden z prvn\u00edch pokus\u016f o p\u0159\u00edm\u00fd p\u0159enos ud\u00e1losti pro velk\u00e9 mezin\u00e1rodn\u00ed publikum, se od t\u00e9 doby stalo jedn\u00edm z nejobl\u00edben\u011bj\u0161\u00edch evropsk\u00fdch po\u0159ad\u016f, kter\u00fd ka\u017edoro\u010dn\u011b sleduj\u00ed miliony div\u00e1k\u016f sout\u011b\u017ee Eurovision Song Contest.","breadcrumb":{"@id":"https:\/\/moodmedia.com\/cz\/blog-cz\/eurovize-2023\/#breadcrumb"},"inLanguage":"cs","potentialAction":[{"@type":"ReadAction","target":["https:\/\/moodmedia.com\/cz\/blog-cz\/eurovize-2023\/"]}]},{"@type":"ImageObject","inLanguage":"cs","@id":"https:\/\/moodmedia.com\/cz\/blog-cz\/eurovize-2023\/#primaryimage","url":"https:\/\/moodmedia.com\/wp-content\/uploads\/2023\/05\/eurovision-feature.jpg","contentUrl":"https:\/\/moodmedia.com\/wp-content\/uploads\/2023\/05\/eurovision-feature.jpg","width":1000,"height":667,"caption":"Silhouette of singer"},{"@type":"BreadcrumbList","@id":"https:\/\/moodmedia.com\/cz\/blog-cz\/eurovize-2023\/#breadcrumb","itemListElement":[{"@type":"ListItem","position":1,"name":"Home","item":"https:\/\/moodmedia.com\/cz\/"},{"@type":"ListItem","position":2,"name":"Eurovize 2023"}]},{"@type":"WebSite","@id":"https:\/\/moodmedia.com\/cz\/#website","url":"https:\/\/moodmedia.com\/cz\/","name":"Mood Media International","description":"Experience. By Design","publisher":{"@id":"https:\/\/moodmedia.com\/cz\/#organization"},"potentialAction":[{"@type":"SearchAction","target":{"@type":"EntryPoint","urlTemplate":"https:\/\/moodmedia.com\/cz\/?s={search_term_string}"},"query-input":{"@type":"PropertyValueSpecification","valueRequired":true,"valueName":"search_term_string"}}],"inLanguage":"cs"},{"@type":"Organization","@id":"https:\/\/moodmedia.com\/cz\/#organization","name":"Mood Media","url":"https:\/\/moodmedia.com\/cz\/","logo":{"@type":"ImageObject","inLanguage":"cs","@id":"https:\/\/moodmedia.com\/cz\/#\/schema\/logo\/image\/","url":"https:\/\/moodmedia.com\/wp-content\/uploads\/2017\/10\/mood-media-logo-400.jpg","contentUrl":"https:\/\/moodmedia.com\/wp-content\/uploads\/2017\/10\/mood-media-logo-400.jpg","width":400,"height":115,"caption":"Mood Media"},"image":{"@id":"https:\/\/moodmedia.com\/cz\/#\/schema\/logo\/image\/"},"sameAs":["https:\/\/www.facebook.com\/moodmediauk\/","https:\/\/x.com\/MoodMedia_UK","https:\/\/www.linkedin.com\/company\/mood-media-uk\/"]},{"@type":"Person","@id":"https:\/\/moodmedia.com\/cz\/#\/schema\/person\/2c1d5d948a4c2afc406923edc1c7827d","name":"Brad Bond","image":{"@type":"ImageObject","inLanguage":"cs","@id":"https:\/\/secure.gravatar.com\/avatar\/6674de3daef3ee4922ab97ff2a1a95c1d092443e6429ddaefc6f7733cf14e99c?s=96&d=mm&r=g","url":"https:\/\/secure.gravatar.com\/avatar\/6674de3daef3ee4922ab97ff2a1a95c1d092443e6429ddaefc6f7733cf14e99c?s=96&d=mm&r=g","contentUrl":"https:\/\/secure.gravatar.com\/avatar\/6674de3daef3ee4922ab97ff2a1a95c1d092443e6429ddaefc6f7733cf14e99c?s=96&d=mm&r=g","caption":"Brad Bond"},"sameAs":["https:\/\/moodmedia.com"]}]}},"_links":{"self":[{"href":"https:\/\/moodmedia.com\/cz\/wp-json\/wp\/v2\/posts\/372627","targetHints":{"allow":["GET"]}}],"collection":[{"href":"https:\/\/moodmedia.com\/cz\/wp-json\/wp\/v2\/posts"}],"about":[{"href":"https:\/\/moodmedia.com\/cz\/wp-json\/wp\/v2\/types\/post"}],"author":[{"embeddable":true,"href":"https:\/\/moodmedia.com\/cz\/wp-json\/wp\/v2\/users\/2"}],"replies":[{"embeddable":true,"href":"https:\/\/moodmedia.com\/cz\/wp-json\/wp\/v2\/comments?post=372627"}],"version-history":[{"count":0,"href":"https:\/\/moodmedia.com\/cz\/wp-json\/wp\/v2\/posts\/372627\/revisions"}],"wp:featuredmedia":[{"embeddable":true,"href":"https:\/\/moodmedia.com\/cz\/wp-json\/wp\/v2\/media\/372496"}],"wp:attachment":[{"href":"https:\/\/moodmedia.com\/cz\/wp-json\/wp\/v2\/media?parent=372627"}],"wp:term":[{"taxonomy":"category","embeddable":true,"href":"https:\/\/moodmedia.com\/cz\/wp-json\/wp\/v2\/categories?post=372627"},{"taxonomy":"post_tag","embeddable":true,"href":"https:\/\/moodmedia.com\/cz\/wp-json\/wp\/v2\/tags?post=372627"}],"curies":[{"name":"wp","href":"https:\/\/api.w.org\/{rel}","templated":true}]}}